{"id":2877,"date":"2023-08-01T11:39:51","date_gmt":"2023-08-01T09:39:51","guid":{"rendered":"https:\/\/vidripack.com\/es\/?p=2877"},"modified":"2023-10-23T21:17:17","modified_gmt":"2023-10-23T19:17:17","slug":"que-es-periodo-castra","status":"publish","type":"post","link":"https:\/\/vidripack.com\/es\/consejos\/que-es-periodo-castra\/","title":{"rendered":"\u00bfQu\u00e9 es el periodo de castra?"},"content":{"rendered":"<p><img decoding=\"async\" class=\"alignnone size-full wp-image-2879\" src=\"https:\/\/vidripack.com\/es\/wp-content\/uploads\/2023\/08\/que-es-periodo-castra-1.jpg\" alt=\"apicultor recolectando miel en el periodo de castra\" width=\"1920\" height=\"1097\" srcset=\"https:\/\/vidripack.com\/es\/wp-content\/uploads\/2023\/08\/que-es-periodo-castra-1.jpg 1920w, https:\/\/vidripack.com\/es\/wp-content\/uploads\/2023\/08\/que-es-periodo-castra-1-300x171.jpg 300w, https:\/\/vidripack.com\/es\/wp-content\/uploads\/2023\/08\/que-es-periodo-castra-1-1024x585.jpg 1024w, https:\/\/vidripack.com\/es\/wp-content\/uploads\/2023\/08\/que-es-periodo-castra-1-1536x878.jpg 1536w, https:\/\/vidripack.com\/es\/wp-content\/uploads\/2023\/08\/que-es-periodo-castra-1-1170x668.jpg 1170w\" sizes=\"(max-width: 1920px) 100vw, 1920px\" \/><\/p>\n<p>El <strong>periodo de castra<\/strong> es una fase crucial en la <strong>apicultura<\/strong>, que se refiere al momento en que los apicultores recolectan la miel de las colmenas. Es un proceso que implica <strong>extraer el exceso de miel acumulado por las abejas<\/strong>, mientras se les proporciona un suministro adecuado para que sobrevivan durante los meses m\u00e1s fr\u00edos o escasos en n\u00e9ctar.<\/p>\n<p>La <strong>recolecci\u00f3n de miel<\/strong> comienza t\u00edpicamente durante la temporada de floraci\u00f3n, cuando las abejas recolectan n\u00e9ctar de las flores y lo llevan de regreso a la colmena. Dentro de la colmena, las abejas almacenan el n\u00e9ctar en celdas de cera y lo convierten en miel mediante un <strong>proceso de evaporaci\u00f3n y deshidrataci\u00f3n<\/strong>.<\/p>\n<p>Cuando el apicultor considera que ha llegado el momento adecuado para recolectar la miel, retira los cuadros de las colmenas. Los cuadros son estructuras que contienen celdas de cera llenas de miel. Luego, el apicultor <strong>extrae la miel de los cuadros mediante t\u00e9cnicas<\/strong> que pueden variar, desde centrifugaci\u00f3n hasta el uso de cuchillos calientes para desopercular las celdas de cera antes de extraer la miel.<\/p>\n<p>Es fundamental que el apicultor no recolecte toda la miel almacenada en la colmena, ya que <strong>las abejas necesitan reservas suficientes<\/strong> para sobrevivir durante los periodos en los que no hay suficiente n\u00e9ctar disponible, como en invierno. De lo contrario, las abejas podr\u00edan pasar hambre y debilitarse, afectando negativamente la salud de la colonia.<\/p>\n<p>El periodo de castra es crucial porque, adem\u00e1s de obtener miel, <strong>los apicultores tambi\u00e9n realizan inspecciones para verificar la salud y el bienestar de las abejas<\/strong> y para identificar posibles problemas, como enfermedades o plagas. Es una oportunidad para que el apicultor intervenga y brinde cuidados adicionales a las abejas si es necesario.<\/p>\n<p>En resumen, <strong>el periodo de castra es una etapa vital en la apicultura<\/strong> que implica recolectar la miel de las colmenas, asegur\u00e1ndose de dejar suficientes reservas para que las abejas sobrevivan durante los periodos de escasez de n\u00e9ctar. Es un proceso que requiere conocimientos y cuidados para mantener la salud de las abejas y garantizar una producci\u00f3n sostenible de miel.<\/p>\n<p><img decoding=\"async\" class=\"alignnone size-full wp-image-2881\" src=\"https:\/\/vidripack.com\/es\/wp-content\/uploads\/2023\/08\/que-es-periodo-castra-2.jpg\" alt=\"el periodo de castra en andalucia\" width=\"1920\" height=\"1276\" srcset=\"https:\/\/vidripack.com\/es\/wp-content\/uploads\/2023\/08\/que-es-periodo-castra-2.jpg 1920w, https:\/\/vidripack.com\/es\/wp-content\/uploads\/2023\/08\/que-es-periodo-castra-2-300x199.jpg 300w, https:\/\/vidripack.com\/es\/wp-content\/uploads\/2023\/08\/que-es-periodo-castra-2-1024x681.jpg 1024w, https:\/\/vidripack.com\/es\/wp-content\/uploads\/2023\/08\/que-es-periodo-castra-2-1536x1021.jpg 1536w, https:\/\/vidripack.com\/es\/wp-content\/uploads\/2023\/08\/que-es-periodo-castra-2-1170x778.jpg 1170w\" sizes=\"(max-width: 1920px) 100vw, 1920px\" \/><\/p>\n<h2>La importancia de la miel en Andaluc\u00eda<\/h2>\n<p>En Andaluc\u00eda, el periodo de castra generalmente se lleva a cabo <strong>durante la primavera y el verano<\/strong>, que es cuando la mayor\u00eda de las plantas florecen y las abejas est\u00e1n m\u00e1s activas recolectando n\u00e9ctar para producir miel.<\/p>\n<p>La diversidad de plantas en Andaluc\u00eda permite a las abejas<strong> producir diferentes tipos de mieles<\/strong> con distintos sabores y caracter\u00edsticas, como la miel de azahar, miel de eucalipto, miel de tomillo y muchas otras. La apicultura en la regi\u00f3n es una parte importante de la econom\u00eda local y contribuye al patrimonio gastron\u00f3mico y cultural de la zona.<\/p>\n<h3>Los mejores envases para la conservaci\u00f3n de la miel<\/h3>\n<p>Si necesitas conservar tu miel de la mejor forma, te recomendamos nuestra \u00faltima novedad: <a href=\"https:\/\/vidripack.com\/es\/tarros-vidrio\/tarro-de-miel-apiari-05-kg\/\">los tarros de vidrio para miel Apiari<\/a>. En nuestra secci\u00f3n de <a href=\"https:\/\/vidripack.com\/es\/tarros-vidrio\/\">tarros de vidrio<\/a> encontrar\u00e1s tambi\u00e9n otras opciones de tama\u00f1o y dise\u00f1o. Si por el contrario buscas otro material, tambi\u00e9n disponemos de <a href=\"https:\/\/vidripack.com\/es\/envases-plastico\/envase-pet-panal-miel-250-375\/\">envases para miel PET<\/a>.<\/p>\n<p>\u00bfTienes alguna duda? D\u00e9janos tu comentario y te responderemos.<\/p>\n","protected":false},"excerpt":{"rendered":"<p>El periodo de castra es una fase crucial en la apicultura, que se refiere al momento en que los apicultores recolectan la &hellip;<\/p>\n","protected":false},"author":1,"featured_media":0,"comment_status":"closed","ping_status":"open","sticky":false,"template":"","format":"standard","meta":{"footnotes":""},"categories":[184],"tags":[],"class_list":["post-2877","post","type-post","status-publish","format-standard","hentry","category-consejos"],"yoast_head":"<!-- This site is optimized with the Yoast SEO plugin v27.2 - https:\/\/yoast.com\/product\/yoast-seo-wordpress\/ -->\n<title>\u00bfQu\u00e9 es el periodo de castra? Te lo explicamos<\/title>\n<meta name=\"description\" content=\"El periodo de castra es una fase crucial en la apicultura, que se refiere al momento en que los apicultores recolectan la miel de las colmenas. Es un\" \/>\n<meta name=\"robots\" content=\"index, follow, max-snippet:-1, max-image-preview:large, max-video-preview:-1\" \/>\n<link rel=\"canonical\" href=\"https:\/\/vidripack.com\/es\/consejos\/que-es-periodo-castra\/\" \/>\n<meta property=\"og:locale\" content=\"es_ES\" \/>\n<meta property=\"og:type\" content=\"article\" \/>\n<meta property=\"og:title\" content=\"\u00bfQu\u00e9 es el periodo de castra? Te lo explicamos\" \/>\n<meta property=\"og:description\" content=\"El periodo de castra es una fase crucial en la apicultura, que se refiere al momento en que los apicultores recolectan la miel de las colmenas. Es un\" \/>\n<meta property=\"og:url\" content=\"https:\/\/vidripack.com\/es\/consejos\/que-es-periodo-castra\/\" \/>\n<meta property=\"og:site_name\" content=\"Vidripack\" \/>\n<meta property=\"article:publisher\" content=\"https:\/\/www.facebook.com\/Vidripack\" \/>\n<meta property=\"article:published_time\" content=\"2023-08-01T09:39:51+00:00\" \/>\n<meta property=\"article:modified_time\" content=\"2023-10-23T19:17:17+00:00\" \/>\n<meta property=\"og:image\" content=\"https:\/\/vidripack.com\/es\/wp-content\/uploads\/2023\/08\/que-es-periodo-castra-1.jpg\" \/>\n<meta name=\"author\" content=\"admin\" \/>\n<meta name=\"twitter:card\" content=\"summary_large_image\" \/>\n<meta name=\"twitter:label1\" content=\"Escrito por\" \/>\n\t<meta name=\"twitter:data1\" content=\"admin\" \/>\n\t<meta name=\"twitter:label2\" content=\"Tiempo de lectura\" \/>\n\t<meta name=\"twitter:data2\" content=\"3 minutos\" \/>\n<script type=\"application\/ld+json\" class=\"yoast-schema-graph\">{\"@context\":\"https:\/\/schema.org\",\"@graph\":[{\"@type\":\"Article\",\"@id\":\"https:\/\/vidripack.com\/es\/consejos\/que-es-periodo-castra\/#article\",\"isPartOf\":{\"@id\":\"https:\/\/vidripack.com\/es\/consejos\/que-es-periodo-castra\/\"},\"author\":{\"name\":\"admin\",\"@id\":\"https:\/\/vidripack.com\/es\/#\/schema\/person\/38f4ecc0470ddd4ad43c781a7c9ee1dc\"},\"headline\":\"\u00bfQu\u00e9 es el periodo de castra?\",\"datePublished\":\"2023-08-01T09:39:51+00:00\",\"dateModified\":\"2023-10-23T19:17:17+00:00\",\"mainEntityOfPage\":{\"@id\":\"https:\/\/vidripack.com\/es\/consejos\/que-es-periodo-castra\/\"},\"wordCount\":556,\"image\":{\"@id\":\"https:\/\/vidripack.com\/es\/consejos\/que-es-periodo-castra\/#primaryimage\"},\"thumbnailUrl\":\"https:\/\/vidripack.com\/es\/wp-content\/uploads\/2023\/08\/que-es-periodo-castra-1.jpg\",\"articleSection\":[\"Consejos\"],\"inLanguage\":\"es\"},{\"@type\":\"WebPage\",\"@id\":\"https:\/\/vidripack.com\/es\/consejos\/que-es-periodo-castra\/\",\"url\":\"https:\/\/vidripack.com\/es\/consejos\/que-es-periodo-castra\/\",\"name\":\"\u00bfQu\u00e9 es el periodo de castra? Te lo explicamos\",\"isPartOf\":{\"@id\":\"https:\/\/vidripack.com\/es\/#website\"},\"primaryImageOfPage\":{\"@id\":\"https:\/\/vidripack.com\/es\/consejos\/que-es-periodo-castra\/#primaryimage\"},\"image\":{\"@id\":\"https:\/\/vidripack.com\/es\/consejos\/que-es-periodo-castra\/#primaryimage\"},\"thumbnailUrl\":\"https:\/\/vidripack.com\/es\/wp-content\/uploads\/2023\/08\/que-es-periodo-castra-1.jpg\",\"datePublished\":\"2023-08-01T09:39:51+00:00\",\"dateModified\":\"2023-10-23T19:17:17+00:00\",\"author\":{\"@id\":\"https:\/\/vidripack.com\/es\/#\/schema\/person\/38f4ecc0470ddd4ad43c781a7c9ee1dc\"},\"description\":\"El periodo de castra es una fase crucial en la apicultura, que se refiere al momento en que los apicultores recolectan la miel de las colmenas. Es un\",\"breadcrumb\":{\"@id\":\"https:\/\/vidripack.com\/es\/consejos\/que-es-periodo-castra\/#breadcrumb\"},\"inLanguage\":\"es\",\"potentialAction\":[{\"@type\":\"ReadAction\",\"target\":[\"https:\/\/vidripack.com\/es\/consejos\/que-es-periodo-castra\/\"]}]},{\"@type\":\"ImageObject\",\"inLanguage\":\"es\",\"@id\":\"https:\/\/vidripack.com\/es\/consejos\/que-es-periodo-castra\/#primaryimage\",\"url\":\"https:\/\/vidripack.com\/es\/wp-content\/uploads\/2023\/08\/que-es-periodo-castra-1.jpg\",\"contentUrl\":\"https:\/\/vidripack.com\/es\/wp-content\/uploads\/2023\/08\/que-es-periodo-castra-1.jpg\",\"width\":1920,\"height\":1097,\"caption\":\"apicultor recolectando miel en el periodo de castra\"},{\"@type\":\"BreadcrumbList\",\"@id\":\"https:\/\/vidripack.com\/es\/consejos\/que-es-periodo-castra\/#breadcrumb\",\"itemListElement\":[{\"@type\":\"ListItem\",\"position\":1,\"name\":\"Portada\",\"item\":\"https:\/\/vidripack.com\/es\/\"},{\"@type\":\"ListItem\",\"position\":2,\"name\":\"\u00bfQu\u00e9 es el periodo de castra?\"}]},{\"@type\":\"WebSite\",\"@id\":\"https:\/\/vidripack.com\/es\/#website\",\"url\":\"https:\/\/vidripack.com\/es\/\",\"name\":\"Vidripack\",\"description\":\"Distribuci\u00f3n de envases y PET\",\"potentialAction\":[{\"@type\":\"SearchAction\",\"target\":{\"@type\":\"EntryPoint\",\"urlTemplate\":\"https:\/\/vidripack.com\/es\/?s={search_term_string}\"},\"query-input\":{\"@type\":\"PropertyValueSpecification\",\"valueRequired\":true,\"valueName\":\"search_term_string\"}}],\"inLanguage\":\"es\"},{\"@type\":\"Person\",\"@id\":\"https:\/\/vidripack.com\/es\/#\/schema\/person\/38f4ecc0470ddd4ad43c781a7c9ee1dc\",\"name\":\"admin\",\"image\":{\"@type\":\"ImageObject\",\"inLanguage\":\"es\",\"@id\":\"https:\/\/secure.gravatar.com\/avatar\/e9f5503c9431d6b8ff9a7aa256d8afe8e4b030322cc155923c9f91e1aa5f3931?s=96&d=mm&r=g\",\"url\":\"https:\/\/secure.gravatar.com\/avatar\/e9f5503c9431d6b8ff9a7aa256d8afe8e4b030322cc155923c9f91e1aa5f3931?s=96&d=mm&r=g\",\"contentUrl\":\"https:\/\/secure.gravatar.com\/avatar\/e9f5503c9431d6b8ff9a7aa256d8afe8e4b030322cc155923c9f91e1aa5f3931?s=96&d=mm&r=g\",\"caption\":\"admin\"}}]}<\/script>\n<!-- \/ Yoast SEO plugin. -->","yoast_head_json":{"title":"\u00bfQu\u00e9 es el periodo de castra? Te lo explicamos","description":"El periodo de castra es una fase crucial en la apicultura, que se refiere al momento en que los apicultores recolectan la miel de las colmenas. Es un","robots":{"index":"index","follow":"follow","max-snippet":"max-snippet:-1","max-image-preview":"max-image-preview:large","max-video-preview":"max-video-preview:-1"},"canonical":"https:\/\/vidripack.com\/es\/consejos\/que-es-periodo-castra\/","og_locale":"es_ES","og_type":"article","og_title":"\u00bfQu\u00e9 es el periodo de castra? Te lo explicamos","og_description":"El periodo de castra es una fase crucial en la apicultura, que se refiere al momento en que los apicultores recolectan la miel de las colmenas. Es un","og_url":"https:\/\/vidripack.com\/es\/consejos\/que-es-periodo-castra\/","og_site_name":"Vidripack","article_publisher":"https:\/\/www.facebook.com\/Vidripack","article_published_time":"2023-08-01T09:39:51+00:00","article_modified_time":"2023-10-23T19:17:17+00:00","og_image":[{"url":"https:\/\/vidripack.com\/es\/wp-content\/uploads\/2023\/08\/que-es-periodo-castra-1.jpg","type":"","width":"","height":""}],"author":"admin","twitter_card":"summary_large_image","twitter_misc":{"Escrito por":"admin","Tiempo de lectura":"3 minutos"},"schema":{"@context":"https:\/\/schema.org","@graph":[{"@type":"Article","@id":"https:\/\/vidripack.com\/es\/consejos\/que-es-periodo-castra\/#article","isPartOf":{"@id":"https:\/\/vidripack.com\/es\/consejos\/que-es-periodo-castra\/"},"author":{"name":"admin","@id":"https:\/\/vidripack.com\/es\/#\/schema\/person\/38f4ecc0470ddd4ad43c781a7c9ee1dc"},"headline":"\u00bfQu\u00e9 es el periodo de castra?","datePublished":"2023-08-01T09:39:51+00:00","dateModified":"2023-10-23T19:17:17+00:00","mainEntityOfPage":{"@id":"https:\/\/vidripack.com\/es\/consejos\/que-es-periodo-castra\/"},"wordCount":556,"image":{"@id":"https:\/\/vidripack.com\/es\/consejos\/que-es-periodo-castra\/#primaryimage"},"thumbnailUrl":"https:\/\/vidripack.com\/es\/wp-content\/uploads\/2023\/08\/que-es-periodo-castra-1.jpg","articleSection":["Consejos"],"inLanguage":"es"},{"@type":"WebPage","@id":"https:\/\/vidripack.com\/es\/consejos\/que-es-periodo-castra\/","url":"https:\/\/vidripack.com\/es\/consejos\/que-es-periodo-castra\/","name":"\u00bfQu\u00e9 es el periodo de castra? Te lo explicamos","isPartOf":{"@id":"https:\/\/vidripack.com\/es\/#website"},"primaryImageOfPage":{"@id":"https:\/\/vidripack.com\/es\/consejos\/que-es-periodo-castra\/#primaryimage"},"image":{"@id":"https:\/\/vidripack.com\/es\/consejos\/que-es-periodo-castra\/#primaryimage"},"thumbnailUrl":"https:\/\/vidripack.com\/es\/wp-content\/uploads\/2023\/08\/que-es-periodo-castra-1.jpg","datePublished":"2023-08-01T09:39:51+00:00","dateModified":"2023-10-23T19:17:17+00:00","author":{"@id":"https:\/\/vidripack.com\/es\/#\/schema\/person\/38f4ecc0470ddd4ad43c781a7c9ee1dc"},"description":"El periodo de castra es una fase crucial en la apicultura, que se refiere al momento en que los apicultores recolectan la miel de las colmenas. Es un","breadcrumb":{"@id":"https:\/\/vidripack.com\/es\/consejos\/que-es-periodo-castra\/#breadcrumb"},"inLanguage":"es","potentialAction":[{"@type":"ReadAction","target":["https:\/\/vidripack.com\/es\/consejos\/que-es-periodo-castra\/"]}]},{"@type":"ImageObject","inLanguage":"es","@id":"https:\/\/vidripack.com\/es\/consejos\/que-es-periodo-castra\/#primaryimage","url":"https:\/\/vidripack.com\/es\/wp-content\/uploads\/2023\/08\/que-es-periodo-castra-1.jpg","contentUrl":"https:\/\/vidripack.com\/es\/wp-content\/uploads\/2023\/08\/que-es-periodo-castra-1.jpg","width":1920,"height":1097,"caption":"apicultor recolectando miel en el periodo de castra"},{"@type":"BreadcrumbList","@id":"https:\/\/vidripack.com\/es\/consejos\/que-es-periodo-castra\/#breadcrumb","itemListElement":[{"@type":"ListItem","position":1,"name":"Portada","item":"https:\/\/vidripack.com\/es\/"},{"@type":"ListItem","position":2,"name":"\u00bfQu\u00e9 es el periodo de castra?"}]},{"@type":"WebSite","@id":"https:\/\/vidripack.com\/es\/#website","url":"https:\/\/vidripack.com\/es\/","name":"Vidripack","description":"Distribuci\u00f3n de envases y PET","potentialAction":[{"@type":"SearchAction","target":{"@type":"EntryPoint","urlTemplate":"https:\/\/vidripack.com\/es\/?s={search_term_string}"},"query-input":{"@type":"PropertyValueSpecification","valueRequired":true,"valueName":"search_term_string"}}],"inLanguage":"es"},{"@type":"Person","@id":"https:\/\/vidripack.com\/es\/#\/schema\/person\/38f4ecc0470ddd4ad43c781a7c9ee1dc","name":"admin","image":{"@type":"ImageObject","inLanguage":"es","@id":"https:\/\/secure.gravatar.com\/avatar\/e9f5503c9431d6b8ff9a7aa256d8afe8e4b030322cc155923c9f91e1aa5f3931?s=96&d=mm&r=g","url":"https:\/\/secure.gravatar.com\/avatar\/e9f5503c9431d6b8ff9a7aa256d8afe8e4b030322cc155923c9f91e1aa5f3931?s=96&d=mm&r=g","contentUrl":"https:\/\/secure.gravatar.com\/avatar\/e9f5503c9431d6b8ff9a7aa256d8afe8e4b030322cc155923c9f91e1aa5f3931?s=96&d=mm&r=g","caption":"admin"}}]}},"_links":{"self":[{"href":"https:\/\/vidripack.com\/es\/wp-json\/wp\/v2\/posts\/2877","targetHints":{"allow":["GET"]}}],"collection":[{"href":"https:\/\/vidripack.com\/es\/wp-json\/wp\/v2\/posts"}],"about":[{"href":"https:\/\/vidripack.com\/es\/wp-json\/wp\/v2\/types\/post"}],"author":[{"embeddable":true,"href":"https:\/\/vidripack.com\/es\/wp-json\/wp\/v2\/users\/1"}],"replies":[{"embeddable":true,"href":"https:\/\/vidripack.com\/es\/wp-json\/wp\/v2\/comments?post=2877"}],"version-history":[{"count":4,"href":"https:\/\/vidripack.com\/es\/wp-json\/wp\/v2\/posts\/2877\/revisions"}],"predecessor-version":[{"id":2883,"href":"https:\/\/vidripack.com\/es\/wp-json\/wp\/v2\/posts\/2877\/revisions\/2883"}],"wp:attachment":[{"href":"https:\/\/vidripack.com\/es\/wp-json\/wp\/v2\/media?parent=2877"}],"wp:term":[{"taxonomy":"category","embeddable":true,"href":"https:\/\/vidripack.com\/es\/wp-json\/wp\/v2\/categories?post=2877"},{"taxonomy":"post_tag","embeddable":true,"href":"https:\/\/vidripack.com\/es\/wp-json\/wp\/v2\/tags?post=2877"}],"curies":[{"name":"wp","href":"https:\/\/api.w.org\/{rel}","templated":true}]}}